{"id":662,"date":"2013-02-15T15:41:10","date_gmt":"2013-02-15T14:41:10","guid":{"rendered":"http:\/\/www.medievalwall.com\/hrvatski\/?p=662"},"modified":"2019-09-23T14:35:23","modified_gmt":"2019-09-23T13:35:23","slug":"branimir-muncimir","status":"publish","type":"post","link":"https:\/\/medievalwall.com\/hrvatski\/narodi\/branimir-muncimir\/","title":{"rendered":"Branimir i Muncimir"},"content":{"rendered":"<p><a class=\"gallery\" title=\"Kip kneza Branimira u Ninu (izvor: www.wikipedia.org, 15.2.2013.)\" href=\"http:\/\/www.medievalwall.com\/hrvatski\/wp-content\/uploads\/2013\/02\/Kip-kneza-Branimira-u-Ninu-.jpg\" rel=\"gallery\"><img loading=\"lazy\" decoding=\"async\" class=\"fancybox\" title=\"Kip kneza Branimira u Ninu (izvor: www.wikipedia.org, 15.2.2013.)\" alt=\"Kip kneza Branimira u Ninu\" src=\"http:\/\/www.medievalwall.com\/hrvatski\/wp-content\/uploads\/2013\/02\/Kip-kneza-Branimira-u-Ninu--300x204.jpg\" width=\"300\" height=\"204\"><\/a>Godine 879. na hrvatsko prijestolje sjeo je Branimir koji nije bio iz roda Trpimirovi\u0107a.<a onclick=\"jQuery('#notes-dialog').dialog('open'); return false\" href=\"#\"><sup>1<\/sup><\/a> U prvom planu novoga kneza bilo je prona\u0107i saveznika koji bi mu mogao jam\u010diti odre\u0111enu sigurnost u me\u0111unarodnim odnosima. Ukoliko je i priznavao novoga italskog kralja i frana\u010dkog cara Karla Debelog (877.-887.), od njega nije mogao o\u010dekivati mnogo. S druge strane bio je Bazilije, koji nije reagirao nakon ubojstva svog \u0161ti\u0107enika zbog zaokupljenosti borbama u Siriji i u ju\u017enoj Italiji. Kao najbolje rje\u0161enje pokazalo se potra\u017eiti za\u0161titu kod pape zbog njegova autoriteta, ne samo na Zapadu, nego i u Bizantu. Nedugo zatim, Branimir \u0161alje pismo u Rim iznimno politi\u010dki aktivnom papi Ivanu VIII., putem Ivana Mle\u010danina, papinskog poslanika koji se tada nalazio u Hrvatskoj na povratku iz Moravske. U pismu izjavljuje svoju i odanost hrvatskoga naroda apostolskom prijestolju sv. Petra. Njegov primjer slijedio je i prvi nam poznati ninski biskup, Teodozije. Vidjev\u0161i pisma, Ivan VIII. se obradovao pa je 21. svibnja 879. na blagdan Spasova blagoslovio kneza Branimira, njegov hrvatski narod i svu hrvatsku zemlju. Obratio se zasebnim pismima ve\u0107 7. lipnja knezu Branimiru i ninskom biskupu, istaknuv\u0161i golemu radost radi povratka svetoj rimskoj Crkvi, a dan kasnije bugarskom knezu Mihajlu Borisu i dalmatinskim carskim gradovima o\u010dekuju\u0107i i od njih povratak istoj Crkvi.<a onclick=\"jQuery('#notes-dialog').dialog('open'); return false\" href=\"#\"><sup>2<\/sup><\/a> Papa je ispunio i najve\u0107u kne\u017eevu molbu, potvrdio je njegovu vlast, \u0161to je bilo javno priznanje hrvatske dr\u017eave, a na neki na\u010din vrijedilo je kao me\u0111unarodno priznanje vlasti hrvatskog kneza.<a onclick=\"jQuery('#notes-dialog').dialog('open'); return false\" href=\"#\"><sup>3<\/sup><\/a> Politi\u010dki polo\u017eaj Hrvatske time je bio rije\u0161en ali ne i pitanje crkvene jurisdikcije.<\/p>\n<p><a class=\"gallery\" title=\"Crkva sv. Kri\u017ea u Ninu (izvor: www.wikipedia.org, 15.2.2013.)\" href=\"http:\/\/www.medievalwall.com\/hrvatski\/wp-content\/uploads\/2013\/02\/Crkva-sv.-Kri\u017ea-u-Ninu.jpg\" rel=\"gallery\"><img loading=\"lazy\" decoding=\"async\" class=\"fancybox\" title=\"Crkva sv. Kri\u017ea u Ninu (izvor: www.wikipedia.org, 15.2.2013.)\" alt=\"Crkva sv. Kri\u017ea u Ninu\" src=\"http:\/\/www.medievalwall.com\/hrvatski\/wp-content\/uploads\/2013\/02\/Crkva-sv.-Kri\u017ea-u-Ninu-300x204.jpg\" width=\"300\" height=\"204\"><\/a>Kako je oslobodio dr\u017eavu politi\u010dke ovisnosti o Bizantskom Carstvu, Branimir je prekinuo i vezu Ninske biskupije s carigradskim patrijarhom.<a onclick=\"jQuery('#notes-dialog').dialog('open'); return false\" href=\"#\"><sup>4<\/sup><\/a> Prilika za reformama crkvene hijerarhije ukazala se nakon smrti splitskog nadbiskupa Marina 887. godine. Dalmatinsko je sve\u0107enstvo unato\u010d politi\u010dkim promjenama u zemlji ostalo vjerno carigradskom patrijarhu, kao \u0161to je Dalmacija i politi\u010dki bila vezana uz Carstvo. Tako su dalmatinske biskupije ostale unutar svojih skromnih granica za razliku od Ninske biskupije \u010dije je golemo podru\u010dje bilo podre\u0111eno papi.<a onclick=\"jQuery('#notes-dialog').dialog('open'); return false\" href=\"#\"><sup>5<\/sup><\/a> Oko 890. godine ninskom je biskupu Teodoziju uspjelo zasjesti na stolicu splitskog nadbiskupa. Posve\u0107enje za nadbiskupa dobio je od akvilejskog patrijarha Walberta, ali ne i od pape Stjepana V. (885.-891.), koji ga je zvao da osobno do\u0111e po <i>pallium<\/i>.<a onclick=\"jQuery('#notes-dialog').dialog('open'); return false\" href=\"#\"><sup>6<\/sup><\/a> Poznaju\u0107i \u010dinjenicu da je u jednom trenutku biskup Hrvata (<i>episcopus Chroatorum<\/i>) i splitski nadbiskup bio ista osoba, dolazimo do zaklju\u010dka da se polako, ali sigurno po\u010delo ostvarivati davno Trpimirovo nastojanje \u010dvr\u0161\u0107eg povezivanje Hrvatske s bizantskim dalmatinskim gradovima. Branimir je bio prvi koji je taj korak u\u010dinio ne putem nasilja, ve\u0107 koriste\u0107i se kr\u0161\u0107anskim univerzalizmom.<a onclick=\"jQuery('#notes-dialog').dialog('open'); return false\" href=\"#\"><sup>7<\/sup><\/a> Uspjeh nije bio trajan. Teodozije je ubrzo umro, a splitska i ninska stolica ponovno su bile razjedinjene. Ve\u0107 892. u Splitu nalazimo nadbiskupa Petra II., a u Ninu Aldefreda.<a onclick=\"jQuery('#notes-dialog').dialog('open'); return false\" href=\"#\"><sup>8<\/sup><\/a><\/p>\n<p><a class=\"gallery\" title=\"Fragment kamene grede s natpisom kneza Branimira iz 888. g. (izvor: www.wikipedia.org, 15.2.2013.)\" href=\"http:\/\/www.medievalwall.com\/hrvatski\/wp-content\/uploads\/2013\/02\/Fragment-kamene-grede-s-natpisom-kneza-Branimira.jpg\" rel=\"gallery\"><img loading=\"lazy\" decoding=\"async\" class=\"fancybox\" title=\"Fragment kamene grede s natpisom kneza Branimira iz 888. g. (izvor: www.wikipedia.org, 15.2.2013.)\" alt=\"Fragment kamene grede s natpisom kneza Branimira\" src=\"http:\/\/www.medievalwall.com\/hrvatski\/wp-content\/uploads\/2013\/02\/Fragment-kamene-grede-s-natpisom-kneza-Branimira-300x204.jpg\" width=\"300\" height=\"204\"><\/a>Paralelno s pokr\u0161tavanjem, odvijala se i etnogeneza koja se kao neprekidan proces posebice u Branimirovo vrijeme bitno ubrzala. Uz stvaranje i ja\u010danje crkvene organizacije, logi\u010dan slijed je bio da se i hrvatsko ime lak\u0161e \u0161irilo me\u0111u okolnim Slavenima, a upravo o tome svjedo\u010de i mjesta na kojima su na\u0111eni kameni natpisi s Branimirovim imenom, od Nina na sjeverozapadu do Mu\u0107a sjeverno od Splita. Ve\u0107inom se radi o dijelovima oltarnih pregrada starohrvatskih crkava.<a onclick=\"jQuery('#notes-dialog').dialog('open'); return false\" href=\"#\"><sup>9<\/sup><\/a> Prvi takav spomenik na\u0111en je u \u0160opotu kraj Benkovca, na kojem pi\u0161e: BRANIMIRO COM[ES] &#8230; DUX CRUATORVM COGIT[AVIT]. Taj natpis ujedno predstavlja i najstariji spomen hrvatskog imena (Cruatorvm) na kamenoj podlozi. Drugi natpis iz vremena kneza Branimira sastavljen je od sedam fragmenata prona\u0111enih u zidovima crkve sv. Mihovila u Ninu. Na njemu se spominje njegov tvorac, opat Teudebert, frana\u010dki misionar koji je \u017eivio za vrijeme Branimira.<\/p>\n<p><a class=\"gallery\" title=\"Fragment kamene grede i zabata s natpisom kneza Branimira, \u0160opot kraj Benkovca (izvor: www.wikipedia.org, 15.2.2013.)\" href=\"http:\/\/www.medievalwall.com\/hrvatski\/wp-content\/uploads\/2013\/02\/Fragment-kamene-grede-i-zabata-s-natpisom-kneza-Branimira.jpg\" rel=\"gallery\"><img loading=\"lazy\" decoding=\"async\" class=\"fancybox\" title=\"Fragment kamene grede i zabata s natpisom kneza Branimira, \u0160opot kraj Benkovca (izvor: www.wikipedia.org, 15.2.2013.)\" alt=\"Fragment kamene grede i zabata s natpisom kneza Branimira\" src=\"http:\/\/www.medievalwall.com\/hrvatski\/wp-content\/uploads\/2013\/02\/Fragment-kamene-grede-i-zabata-s-natpisom-kneza-Branimira-300x204.jpg\" width=\"300\" height=\"204\"><\/a>Sljede\u0107i natpis prona\u0111en je u Mu\u0107u kao dio arhitrava oltarne pregrade. Na tom je natpisu uklesana i 888. godina, \u0161to ga \u010dini prvim datiranim hrvatskim kamenim spomenikom.<a onclick=\"jQuery('#notes-dialog').dialog('open'); return false\" href=\"#\"><sup>10<\/sup><\/a> \u010cetvrti natpis na kojem se spominje Branimir prona\u0111en je u \u017ddrapnju kod Bribira. Na njemu je sadr\u017eaj sli\u010dan onomu s natpisa u Ninu, dakle, posveta \u017eupana Pristine koji navodi Branimira kao vladara Slavena. Posljednji, peti, natpis prona\u0111en je u Otresu, selu izme\u0111u Benkovca i Bribira, ali od pretpostavljenog imena do danas je ostao sa\u010duvan samo ulomak [ANNI].<a onclick=\"jQuery('#notes-dialog').dialog('open'); return false\" href=\"#\"><sup>11<\/sup><\/a> Latinski jezik, jezik Biblije, zapadnog bogoslu\u017eja, kulture i znanosti, koji nalazimo na hrvatskim vladarskim natpisima, jedan je od klju\u010dnih dokaza \u010dvrste pripadnosti tada\u0161nje Hrvatske zapadnoeuropskom civilizacijskom krugu.<a onclick=\"jQuery('#notes-dialog').dialog('open'); return false\" href=\"#\"><sup>12<\/sup><\/a><\/p>\n<p>Branimir je imao \u017eenu Maru\u0161u nepoznata roda s kojom je jednom prilikom hodo\u010dastio u Akvilejsku patrijar\u0161iju, gdje su im imena zapisana u <i>\u010cedadskom evan\u0111elistaru<\/i> u kojem je bio zabilje\u017een i Trpimir.<a onclick=\"jQuery('#notes-dialog').dialog('open'); return false\" href=\"#\"><sup>13<\/sup><\/a> Njegovu vladavinu obilje\u017eila je gradnja i obnova crkava, a Hrvatska je zahvaljuju\u0107i njemu kraj 9. stolje\u0107a do\u010dekala jaka i samostalna.<\/p>\n<p><a class=\"gallery\" title=\"Povelja kneza Muncimira iz 892. G. (izvor: www.wikipedia.org, 15.2.2013.)\" href=\"http:\/\/www.medievalwall.com\/hrvatski\/wp-content\/uploads\/2013\/02\/Povelja-kneza-Muncimira-iz-892.-G.-.jpg\" rel=\"gallery\"><img loading=\"lazy\" decoding=\"async\" class=\"fancybox\" title=\"Povelja kneza Muncimira iz 892. G. (izvor: www.wikipedia.org, 15.2.2013.)\" alt=\"Povelja kneza Muncimira iz 892. G.\" src=\"http:\/\/www.medievalwall.com\/hrvatski\/wp-content\/uploads\/2013\/02\/Povelja-kneza-Muncimira-iz-892.-G.--300x204.jpg\" width=\"300\" height=\"204\"><\/a>Muncimir koji je naslijedio Branimira, na vlast je do\u0161ao 892. godine. Bio je Trpimirovi\u0107, vjerojatno najmla\u0111i sin Trpimira. On u svojoj darovnici nagla\u0161ava kako je ponovo do\u0161ao na o\u010dinsko prijestolje.<a onclick=\"jQuery('#notes-dialog').dialog('open'); return false\" href=\"#\"><sup>14<\/sup><\/a> Kako je nastojao odr\u017eavati dobre odnose sa splitskom Crkvom, prilikom sukoba ninskog biskupa Aldefreda i splitskog nadbiskupa Petra II., potvrdio joj je ista prava koja je gotovo pola stolje\u0107a ranije potvrdio i Trpimir.<a onclick=\"jQuery('#notes-dialog').dialog('open'); return false\" href=\"#\"><sup>15<\/sup><\/a> Poput Trpimira i on je \u010desto boravio u Bija\u0107ima kraj Trogira. Oko sebe je imao dvor s velikom pratnjom po ugledu na frana\u010dke vladare, isto kao i njegova \u017eena kojoj ne znamo ni ime ni podrijetlo.<a onclick=\"jQuery('#notes-dialog').dialog('open'); return false\" href=\"#\"><sup>16<\/sup><\/a> U Uzdolju, nedaleko od Knina podigao je crkvu, a na sa\u010duvanom natpisu on nosi titulu <i>princeps<\/i>, koja je do tada nepoznata hrvatskim vladarima.<a onclick=\"jQuery('#notes-dialog').dialog('open'); return false\" href=\"#\"><sup>17<\/sup><\/a> <a class=\"gallery\" title=\"Fragment zabata s natpisom kneza Muncimira iz 895. G., crkva sv. Luke, Uzdolje kraj Knina (izvor: www.wikipedia.org, 15.2.2013.)\" href=\"http:\/\/www.medievalwall.com\/hrvatski\/wp-content\/uploads\/2013\/02\/Fragment-zabata-s-natpisom-kneza-Muncimira-.jpg\" rel=\"gallery\"><img loading=\"lazy\" decoding=\"async\" class=\"fancybox\" title=\"Fragment zabata s natpisom kneza Muncimira iz 895. G., crkva sv. Luke, Uzdolje kraj Knina (izvor: www.wikipedia.org, 15.2.2013.)\" alt=\"Fragment zabata s natpisom kneza Muncimira\" src=\"http:\/\/www.medievalwall.com\/hrvatski\/wp-content\/uploads\/2013\/02\/Fragment-zabata-s-natpisom-kneza-Muncimira--300x204.jpg\" width=\"300\" height=\"204\"><\/a>Latinski pojam <i>princeps<\/i> u osnovi zna\u010di prvak ili vladar, a u srednjovjekovnoj terminologiji taj je pojam ozna\u010davao vladarsku \u010dast ve\u0107u od \u010dasti kneza (<i>dux<\/i>), \u0161to je dokaz sve ve\u0107oj samostalnosti hrvatskoga vladara koja je bila poznata i izvan Hrvatske.<\/p>\n<p>U vrijeme Muncimira Hrvatska je bila dovoljno jaka da se umije\u0161a u unutarnje sukobe oko vlasti u susjednoj Srbiji. Prognani srpski pretendenti uto\u010di\u0161te su prona\u0161li na hrvatskom dvoru gdje je i bila baza za njihove vojne pohode. Petar Gojnikovi\u0107, koji je uz pomo\u0107 hrvatskog kneza Branimira jo\u0161 891. godine protjerao iz Srbije Prvoslava, Brana i Stefana, ina\u010de sinove srpskog kneza Mutimira, nije u vrijeme Muncimira nai\u0161ao na podr\u0161ku. \u0160tovi\u0161e, Muncimir je podr\u017eavao prognanu bra\u0107u, pru\u017eio im uto\u010di\u0161te i pomagao Branov poku\u0161aj povratka na vlast. Takva agresivna vanjskopoliti\u010dka aktivnost pokazuje zrelost i snagu koju je Hrvatska dosegla pod Muncimirom.<a onclick=\"jQuery('#notes-dialog').dialog('open'); return false\" href=\"#\"><sup>18<\/sup><\/a><\/p>\n<p>Tako je stabilna i neovisna Hrvatska zakora\u010dila u 10. stolje\u0107e, stolje\u0107e kraljeva.<\/p>\n<h4 style=\"clear: both; padding-top: 20px;\">Ostali \u010dlanci iz serije <i>&#8220;Trpimirovi\u0107i, dinastija hrvatskih vladara&#8221;<\/i><\/h4>\n<ul>\n<li><a title=\"Od dolaska Hrvata do Trpimirova uspona na prijestolje\" href=\"http:\/\/www.medievalwall.com\/hrvatski\/ostalo\/od-dolaska-hrvata-do-trpimirova-uspona\/\" target=\"_self\" rel=\"noopener noreferrer\">Od dolaska Hrvata do Trpimirova uspona na prijestolje<\/a><\/li>\n<li><a title=\"Doba kneza Trpimira\" href=\" http:\/\/www.medievalwall.com\/hrvatski\/ostalo\/doba-kneza-trpimira\/\">Doba kneza Trpimira<\/a><\/li>\n<li><a title=\"Domagoj i Zdeslav\" href=\"http:\/\/www.medievalwall.com\/hrvatski\/ostalo\/domagoj-i-zdeslav\/\" target=\"_self\" rel=\"noopener noreferrer\">Domagoj i Zdeslav<\/a><\/li>\n<li><a title=\"Branimir i Muncimir\" href=\"#\" target=\"_self\" rel=\"noopener noreferrer\">Branimir i Muncimir<\/a><\/li>\n<li><a href=\"http:\/\/www.medievalwall.com\/hrvatski\/ostalo\/doba-kraljeva-tomislav\/\" title=\"Doba kraljeva \u2013 Tomislav\" target=\"_self\" rel=\"noopener noreferrer\">Doba kraljeva \u2013 Tomislav<\/a><\/li>\n<li><a title=\"Crkveni sabori i Tomislavovi nasljednici\" href=\"http:\/\/www.medievalwall.com\/hrvatski\/ostalo\/crkveni-sabori-i-tomislavovi-nasljednici\/\" target=\"_self\" rel=\"noopener noreferrer\">Crkveni sabori i Tomislavovi nasljednici<\/a><\/li>\n<li><a href=\"http:\/\/www.medievalwall.com\/hrvatski\/narodi\/stjepan-drzislav\/\" title=\"Stjepan Dr\u017eislav\" target=\"_self\" rel=\"noopener noreferrer\">Stjepan Dr\u017eislav<\/a><\/li>\n<li><a href=\"http:\/\/www.medievalwall.com\/hrvatski\/narodi\/nasljednici-stjepana-drzislava\/\" title=\"Nasljednici Stjepana Dr\u017eislava\" target=\"_self\" rel=\"noopener noreferrer\">Nasljednici Stjepana Dr\u017eislava<\/a><\/li>\n<li><a href=\"http:\/\/www.medievalwall.com\/hrvatski\/narodi\/petar-kresimir-iv\/\" title=\"Petar Kre\u0161imir IV.\" target=\"_self\" rel=\"noopener noreferrer\">Petar Kre\u0161imir IV.<\/a><\/li>\n<li><a href=\"http:\/\/www.medievalwall.com\/hrvatski\/narodi\/dmitar-zvonimir\/\" title=\"Dmitar Zvonimir\" target=\"_self\" rel=\"noopener noreferrer\">Dmitar Zvonimir<\/a><\/li>\n<li><a href=\"http:\/\/www.medievalwall.com\/hrvatski\/narodi\/dmitar-zvonimir-stjepan-ii\/\" title=\"Dmitar Zvonimir i Stjepan II.\" target=\"_self\" rel=\"noopener noreferrer\">Dmitar Zvonimir i Stjepan II.<\/a><\/li>\n<\/ul>\n<div id=\"interesting-dialog\" title=\"Zanimljivo\">\n<ul>\n<li>Za Branimira Hrvatska odre\u0111uje svoju budu\u0107nost u krugu zemalja zapadne Europe, a odlukom pape Ivana VIII. Hrvatska je prihva\u0107ena kao samostalna zemlja kr\u0161\u0107anskog zapada.<\/li>\n<li>Titula <i>princeps<\/i> pojavljuje se u Branimirovo i nastavlja se u doba Muncimirove vladavine. Taj pojam u srednjovjekovnoj terminologiji ozna\u010dava vladarsku \u010dast ve\u0107u od \u010dasti kneza, \u0161to je izravan dokaz o sve ve\u0107oj samostalnosti hrvatskih vladara.<\/li>\n<\/ul>\n<\/div>\n<div id=\"literature-dialog\" title=\"Literatura\">\n<ul>\n<li>Neven BUDAK, <i>Prva stolje\u0107a Hrvatske<\/i>, Zagreb: Hrvatska sveu\u010dili\u0161na naklada, 1994.<\/li>\n<li>Ivo GOLDSTEIN, <i>Hrvatski rani srednji vijek<\/i>, Zagreb: Novi Liber \u2013 Zavod za hrvatsku povijest FF-a, 1995.<\/li>\n<li>Stjepan GUNJA\u010cA, <i>Ispravci i dopune starijoj hrvatskoj historiji<\/i>, knj. II, Zagreb: \u0160kolska knjiga, 1973.<\/li>\n<li>Nada KLAI\u0106, <i>Povijest Hrvata u ranom srednjem vijeku<\/i>, Zagreb: \u0160kolska knjiga, 1971.<\/li>\n<li>Lujo MARGETI\u0106, <i>Hrvatska dr\u017eava u doba narodnih vladara, Hrvatska i Crkva u srednjem vijeku: Pravnopovijesne i povijesne studije<\/i>, Rijeka: Pravni fakultet Sveu\u010dili\u0161ta u Rijeci, 2000.<\/li>\n<li>Tadija SMI\u010cIKLAS, <i>Poviest hrvatska<\/i>, knjiga prva, Zagreb: Matica hrvatska, 1882.<\/li>\n<li>Ivan SUPI\u010cI\u0106 (ur.), <i>Srednji vijek (VII \u2013 XII. stolje\u0107e): Rano doba hrvatske kulture<\/i>, sv. I, u: isti (ur.) <i>Hrvatska i Europa: kultura, znanost i umjetnost<\/i>, Zagreb: Hrvatska akademija znanosti i umjetnosti, 1997.<\/li>\n<li>Ferdo \u0160I\u0160I\u0106, <i>Povijest Hrvata u vrijeme narodnih vladara<\/i>, Zagreb: Nakladni zavod Matice hrvatske, 1925.<\/li>\n<li>Mate ZEKAN i dr. (prir. i ur.), <i>Branimirova Hrvatska u pismima pape Ivana VIII<\/i>., drugo izdanje, Split: Knji\u017eevni krug, 1990.<\/li>\n<\/ul>\n<\/div>\n<div id=\"notes-dialog\" title=\"Bilje\u0161ke\">\n<ul>\n<li><sup>1<\/sup> Nada KLAI\u0106, Povijest Hrvata u srednjem vijeku, , Zagreb: \u0160kolska knjiga, 1971., str. 65; Mate ZEKAN i dr. (prir. i ur.), <i>Branimirova Hrvatska u pismima pape Ivana VIII.<\/i>, drugo izd., Split: Knji\u017eevni krug, 1990., str. 9.<\/li>\n<li><sup>2<\/sup> Ferdo \u0160I\u0160I\u0106, <i>Povijest Hrvata u vrijeme narodnih vladara<\/i>, Zagreb: Nakladni zavod Matice hrvatske, 1925., str. 377-380; Mate ZEKAN i dr. (prir. i ur.), <i>Branimirova Hrvatska&#8230;<\/i>, str. 45-71.<\/li>\n<li><sup>3<\/sup> Nada KLAI\u0106, <i>Povijest Hrvata u srednjem vijeku\u2026<\/i>, str. 66; Mate ZEKAN i dr. (prir. i ur.), <i>Branimirova Hrvatska\u2026<\/i>, str. 11-12; Lujo MARGETI\u0106, <i>Hrvatska dr\u017eava u doba narodnih vladara<\/i>, u: SUPI\u010cI\u0106 (ur.), <i>Srednji vijek (VII \u2013 XII. stolje\u0107e): Rano doba hrvatske kulture<\/i>, sv. I, u: isti (ur.) <i>Hrvatska i Europa: kultura, znanost i umjetnost<\/i>, Zagreb: Hrvatska akademija znanosti i umjetnosti, 1997., str. 203.<\/li>\n<li><sup>4<\/sup> Neven BUDAK, Prva stolje\u0107a Hrvatske, Zagreb: Hrvatska sveu\u010dili\u0161na naklada, 1994., str. 27.<\/li>\n<li><sup>5<\/sup> Tek nakon Focijevog raskola dalmatinsko se sve\u0107enstvo priklonilo papi, a dalmatinski su biskupi bili zainteresirani za obnovu nekada\u0161nje salonitanske crkvene pokrajine, koja bi predstavljala ostvareno jedinstvo Crkve na hrvatsko-dalmatinskom podru\u010dju; usp. Stjepan GUNJA\u010cA, <i>Ispravci i dopune starijoj hrvatskoj historiji<\/i>, knj. II, Zagreb: \u0160kolska knjiga, 1973., 168-176; BUDAK, <i>Prva stolje\u0107a Hrvatske\u2026<\/i>, str. 27.<\/li>\n<li><sup>6<\/sup> Ferdo \u0160I\u0160I\u0106, <i>Povijest Hrvata u vrijeme narodnih vladara\u2026<\/i>, str. 391; N. KLAI\u0106, <i>Povijest Hrvata u ranom srednjem vijeku\u2026<\/i>, str. 256; pallium, liturgijski znak \u0161to ga nose nadbiskupi metropoliti, a ozna\u010dava poseban vid zajedni\u0161tva metropolita i pape.<\/li>\n<li><sup>7<\/sup> Lujo MARGETI\u0106, Hrvatska dr\u017eava u doba narodnih vladara, u: Ivan SUPI\u010cI\u0106 (ur.), <i>Srednji vijek (VII \u2013 XII. stolje\u0107e), Rano doba hrvatske kulture<\/i>, sv. I, u: isti (ur.) <i>Hrvatska i Europa: kultura, znanost i umjetnost<\/i>, Zagreb: Hrvatska akademija znanosti i umjetnosti, 1997. str. 203.<\/li>\n<li><sup>8<\/sup> Ferdo \u0160I\u0160I\u0106, <i>Povijest Hrvata u vrijeme narodnih vladara\u2026<\/i>, str. 392; GUNJA\u010cA, <i>Ispravci i dopune\u2026<\/i>, knj. II, str. 141 i dalje.<\/li>\n<li><sup>9<\/sup> Ivo GOLDSTEIN, <i>Hrvatski rani srednji vijek<\/i>, Zagreb: Novi Liber \u2013 Zavod za hrvatsku povijest FF-a, 1995., str. 262.<\/li>\n<li><sup>10<\/sup> Lujo MARGETI\u0106, <i>Hrvatska i Crkva u srednjem vijeku: Pravnopovijesne i povijesne studije<\/i>, Rijeka: Pravni fakultet Sveu\u010dili\u0161ta u Rijeci, 2000., str. 227-249<\/li>\n<li><sup>11<\/sup> Ivo GOLDSTEIN, <i>Hrvatski rani srednji vijek\u2026<\/i>, str. 262-266.<\/li>\n<li><sup>12<\/sup> Mirjana MATIJEVI\u0106-SOKOL, Latinski natpisi, u: Ivan SUPI\u010cI\u0106 (ur.), <i>Srednji vijek (VII \u2013 XII. stolje\u0107e)<\/i>\u2026, str. 242-243.<\/li>\n<li><sup>13<\/sup> Ferdo \u0160I\u0160I\u0106, <i>Povijest Hrvata u vrijeme narodnih vladara\u2026<\/i>, str. 393.<\/li>\n<li><sup>14<\/sup> Tadija SMI\u010cIKLAS, <i>Poviest hrvatska<\/i>, knj. prva, Zagreb: Matica hrvatska, 1882., str. 196.<\/li>\n<li><sup>15<\/sup> Neven BUDAK, <i>Prva stolje\u0107a Hrvatske\u2026<\/i>, str. 29.<\/li>\n<li><sup>16<\/sup> Ferdo \u0160I\u0160I\u0106, <i>Povijest Hrvata u vrijeme narodnih vladara\u2026<\/i>, str. 394.<\/li>\n<li><sup>17<\/sup> Neven BUDAK, <i>Prva stolje\u0107a Hrvatske\u2026<\/i>, str. 29.<\/li>\n<li><sup>18<\/sup> Neven BUDAK, <i>Prva stolje\u0107a Hrvatske\u2026<\/i>, str. 29.<\/li>\n<\/ul>\n<\/div>","protected":false},"excerpt":{"rendered":"<p>Kako bi se dokopao prijestolja, Branimir je 879. godine umorio kneza Zdeslava. Tokom svoje vladavine pomo\u0107u pape je oslobodio dr\u017eavu politi\u010dke ovisnosti o Bizantu, a Hrvatska se na kratko povezala s bizantskim dalmatinskim gradovima. Nakon Branimira na prijestolje jake i samostalne Hrvatske dolazi Muncimir, vjerojatno najmla\u0111i Trpimirov sin. Osim \u0161to se umije\u0161ao u sukob oko preuzimanja vlasti u Srbiji, Muncimir u sa\u010duvanom natpisu iz svog vremena nosi titulu princeps.  <\/p>\n","protected":false},"author":2,"featured_media":1143,"comment_status":"open","ping_status":"open","sticky":false,"template":"","format":"standard","meta":{"footnotes":""},"categories":[6],"tags":[14],"class_list":["post-662","post","type-post","status-publish","format-standard","has-post-thumbnail","hentry","category-narodi","tag-hrvatski-kraljevi"],"aioseo_notices":[],"_links":{"self":[{"href":"https:\/\/medievalwall.com\/hrvatski\/wp-json\/wp\/v2\/posts\/662","targetHints":{"allow":["GET"]}}],"collection":[{"href":"https:\/\/medievalwall.com\/hrvatski\/wp-json\/wp\/v2\/posts"}],"about":[{"href":"https:\/\/medievalwall.com\/hrvatski\/wp-json\/wp\/v2\/types\/post"}],"author":[{"embeddable":true,"href":"https:\/\/medievalwall.com\/hrvatski\/wp-json\/wp\/v2\/users\/2"}],"replies":[{"embeddable":true,"href":"https:\/\/medievalwall.com\/hrvatski\/wp-json\/wp\/v2\/comments?post=662"}],"version-history":[{"count":1,"href":"https:\/\/medievalwall.com\/hrvatski\/wp-json\/wp\/v2\/posts\/662\/revisions"}],"predecessor-version":[{"id":1151,"href":"https:\/\/medievalwall.com\/hrvatski\/wp-json\/wp\/v2\/posts\/662\/revisions\/1151"}],"wp:featuredmedia":[{"embeddable":true,"href":"https:\/\/medievalwall.com\/hrvatski\/wp-json\/wp\/v2\/media\/1143"}],"wp:attachment":[{"href":"https:\/\/medievalwall.com\/hrvatski\/wp-json\/wp\/v2\/media?parent=662"}],"wp:term":[{"taxonomy":"category","embeddable":true,"href":"https:\/\/medievalwall.com\/hrvatski\/wp-json\/wp\/v2\/categories?post=662"},{"taxonomy":"post_tag","embeddable":true,"href":"https:\/\/medievalwall.com\/hrvatski\/wp-json\/wp\/v2\/tags?post=662"}],"curies":[{"name":"wp","href":"https:\/\/api.w.org\/{rel}","templated":true}]}}