{"id":686,"date":"2013-02-26T09:57:32","date_gmt":"2013-02-26T08:57:32","guid":{"rendered":"http:\/\/www.medievalwall.com\/hrvatski\/?p=686"},"modified":"2019-09-23T14:35:05","modified_gmt":"2019-09-23T13:35:05","slug":"doba-kraljeva-tomislav","status":"publish","type":"post","link":"https:\/\/medievalwall.com\/hrvatski\/narodi\/doba-kraljeva-tomislav\/","title":{"rendered":"Doba kraljeva &#8211; Tomislav"},"content":{"rendered":"<p><a class=\"gallery\" title=\"Robert Frange\u0161-Mihanovi\u0107, kip kralja Tomislava, Zagreb (izvor: www.wikipedia.org, 25.2.2013.)\" href=\"http:\/\/www.medievalwall.com\/hrvatski\/wp-content\/uploads\/2013\/02\/Robert-Frange\u0161-Mihanovi\u0107-kip-kralja-Tomislava.jpg\" rel=\"gallery\"><img loading=\"lazy\" decoding=\"async\" class=\"fancybox\" title=\"Robert Frange\u0161-Mihanovi\u0107, kip kralja Tomislava, Zagreb (izvor: www.wikipedia.org, 25.2.2013.)\" alt=\"Robert Frange\u0161-Mihanovi\u0107, kip kralja Tomislava\" src=\"http:\/\/www.medievalwall.com\/hrvatski\/wp-content\/uploads\/2013\/02\/Robert-Frange\u0161-Mihanovi\u0107-kip-kralja-Tomislava-300x204.jpg\" width=\"300\" height=\"204\"><\/a>Muncimir se posljednji put u izvorima spominje 895., a prve vijesti o Tomislavu imamo 914. godine. Franjo Ra\u010dki je mislio da bi u to me\u0111urazdoblje trebali smjestiti kneza Vi\u0161eslava koji se spominje na znamenitoj krstionici, ali za takvu tezu, nije imao prave argumente. Tako je me\u0111u povjesni\u010darima ostala uobi\u010dajena pretpostavka da je Muncimira naslijedio Tomislav oko 910. godine.<a onclick=\"jQuery('#notes-dialog').dialog('open'); return false\" href=\"#\"><sup>1<\/sup><\/a><\/p>\n<p>O po\u010detku Tomislavove vladavine, o njegovom podrijetlu i obiteljskoj pripadnosti ne znamo ni\u0161ta. Ne mo\u017ee se sa sigurno\u0161\u0107u tvrditi ni da je pripadao dinastiji Trpimirovi\u0107a.<a onclick=\"jQuery('#notes-dialog').dialog('open'); return false\" href=\"#\"><sup>2<\/sup><\/a> Pretpostavlja se da je bio Muncimirov sin. Tomislav se prvi puta spominje uz splitskog nadbiskupa Ivana u djelima Tome Arhi\u0111akona.<a onclick=\"jQuery('#notes-dialog').dialog('open'); return false\" href=\"#\"><sup>3<\/sup><\/a> Kasnije ga spominje papa Ivan X. u pismu namijenjenom dalmatinskom sve\u0107enstvu i samom Tomislavu, a kao hrabar i sna\u017ean ratnik spominje se i u <i>Ljetopisu popa Dukljanina<\/i>.<a onclick=\"jQuery('#notes-dialog').dialog('open'); return false\" href=\"#\"><sup>4<\/sup><\/a><\/p>\n<p><a class=\"gallery\" title=\"Hrvatska za vladavine kralja Tomislava (izvor: www.wikipedia.org, 25.2.2013.)\" href=\"http:\/\/www.medievalwall.com\/hrvatski\/wp-content\/uploads\/2013\/02\/Hrvatska-za-vladavine-kralja-Tomislava.jpg\" rel=\"gallery\"><img loading=\"lazy\" decoding=\"async\" class=\"fancybox\" title=\"Hrvatska za vladavine kralja Tomislava (izvor: www.wikipedia.org, 25.2.2013.)\" alt=\"Hrvatska za vladavine kralja Tomislava\" src=\"http:\/\/www.medievalwall.com\/hrvatski\/wp-content\/uploads\/2013\/02\/Hrvatska-za-vladavine-kralja-Tomislava-300x204.jpg\" width=\"300\" height=\"204\"><\/a>Smatra se da je od svog prethodnika naslijedio primirenu i ure\u0111enu dr\u017eavu, \u0161to mu je omogu\u0107ilo da bez pote\u0161ko\u0107a obrani vlastitu dr\u017eavu koju su napadali susjedni narodi. Njegova je pozornost u prvom redu morala biti usmjerena na sjever, jer se upravo na tom prostoru odigravaju va\u017eni doga\u0111aji. Naime, propa\u0161\u0107u Velikomoravske kne\u017eevine, dolazi do naseljavanja Ugra u Potisje i srednje Podunavlje koji su tek po dolasku u Panoniju po\u010deli provaljivati u Italiju, Bugarsku, Njema\u010dku i Bizantsko Carstvo. Za vrijeme provala u Italiju, s ugarskim snagama sukobio se i hrvatski knez, koji je pobjedonosno odbio te nasrtaje. Kada i kako se Hrvatska pro\u0161irila do me\u0111urije\u010dja Drave i Save, ne znamo, ali od 925. godine Sisa\u010dka se biskupija spominje kao teritorij, koji crkveno potpada pod Splitsku nadbiskupiju, a svjetovno pod vlast hrvatskog kralja. Vjerojatno se taj prostor pred osvaja\u010dkim naletom Ugra svojevoljno priklonio Hrvatskoj, kao uz ja\u010di dr\u017eavni organizam.<a onclick=\"jQuery('#notes-dialog').dialog('open'); return false\" href=\"#\"><sup>5<\/sup><\/a> Gr\u010dki ljetopisac, suvremenik Tomislava, bizantski car, Konstantin VII. Porfirogenet, pi\u0161e da je Hrvatska za vrijeme Tomislava mogla di\u0107i 60.000 konjanika, 100.000 pje\u0161aka, a imala je i 80 velikih, te 100 manjih brodova.<a onclick=\"jQuery('#notes-dialog').dialog('open'); return false\" href=\"#\"><sup>6<\/sup><\/a> Zbog ove \u010dinjenice nije \u010dudno \u0161to su mnogi susjedni vladari, pa \u010dak i sami bizantski car, htjeli Tomislava kao pouzdana saveznika.<\/p>\n<p><a class=\"gallery\" title=\"Robert Frange\u0161-Mihanovi\u0107, kip kralja Tomislava, Zagreb (izvor: www.wikipedia.org, 25.2.2013.)\" href=\"http:\/\/www.medievalwall.com\/hrvatski\/wp-content\/uploads\/2013\/02\/Vinko-Bagari\u0107-spomenik-kralju-Tomislavu-u-Tomislavgradu.jpg\" rel=\"gallery\"><img loading=\"lazy\" decoding=\"async\" class=\"fancybox\" title=\"Robert Frange\u0161-Mihanovi\u0107, kip kralja Tomislava, Zagreb (izvor: www.wikipedia.org, 25.2.2013.)\" alt=\"Vinko Bagari\u0107, spomenik kralju Tomislavu u Tomislavgradu\" src=\"http:\/\/www.medievalwall.com\/hrvatski\/wp-content\/uploads\/2013\/02\/Vinko-Bagari\u0107-spomenik-kralju-Tomislavu-u-Tomislavgradu-300x204.jpg\" width=\"300\" height=\"204\"><\/a>Nakon nekoliko neuspjelih poku\u0161aja zauzimanja Carigrada, bugarski kralj Simeon (893.-927.) porazio je Bizantince na rijeci Aheloj 917. godine, nakon \u010dega se okrunio za bugarskog cara. Uslijedili su ponovni napadi na Carigrad nakon \u010dega se bizantski car za pomo\u0107 obratio Tomislavu. Kako bi ga pridobio za sebe, naredio je da se svi latinski gradovi u Dalmaciji daju na upravu hrvatskom knezu, koji \u0107e u tim gradovima biti carev namjesnik ili strateg. Uz to, bizantski car ga je imenovao svojim konzulom. Na temelju toga Tomislav je objeru\u010dke prihvatio carevu ponudu savezni\u0161tva. Od tada, latinski gradovi u Dalmaciji opet su pla\u0107ali danak hrvatskom knezu. Iako postoje povjesni\u010dari koji negiraju bilo kakvo pravo hrvatskog vladara u Dalmaciji, te\u0161ko je objasniti stvaranje jedinstvene crkvene organizacije u dvije potpuno odvojene politi\u010dke cjeline bez pristanka oba vladara.<a onclick=\"jQuery('#notes-dialog').dialog('open'); return false\" href=\"#\"><sup>7<\/sup><\/a> Kako su gradovi Split, Zadar, Trogir, Osor, Rab i Krk bili pod okriljem Tomislava, po\u0161lo mu je za rukom pomiriti splitskog metropolita i njegove sufragane s rimskim papom te se tako \u010ditava Dalmacija odvojila od carigradskog patrijarha i pridru\u017eila Rimu.<a onclick=\"jQuery('#notes-dialog').dialog('open'); return false\" href=\"#\"><sup>8<\/sup><\/a><\/p>\n<p>Dobri odnosi s bizantskim carem potvr\u0111eni su savezni\u0161tvom u borbi protiv Bugara. Tomislav je tako\u0111er radio u prilog srpskim knezovima, koji su bili bugarski protivnici. Kad bi Bugari napali Srbiju, srpski \u017eupan i njegov narod sklonili bi se u Hrvatsku gdje ih je Tomislav do\u010dekivao ra\u0161irenih ruku. Simeonu nije preostalo ni\u0161ta drugo doli obra\u010dunati s Hrvatskom kako bi lak\u0161e ostvario svoj glavni cilj, osvajanje Carigrada. Bugarska je vojska god. 925. pod vodstvom vojvode Alogobotura krenula na Hrvatsku, ali Tomislav ju je do\u010dekao u kr\u0161kim gorama sa svojom vojskom i nanio joj poraz, \u0161to je bio veliki udarac za Simeona. Od tog doga\u0111aja Bugarska po\u010dinje slabiti. Ubrzo je umro car Simeon, a Bugarska je postala bizantskom pokrajinom.<\/p>\n<p><a class=\"gallery\" title=\"Oton Ivekovi\u0107: Krunidba kralja Tomislava (izvor: www.wikipedia.org, 25.2.2013.)\" href=\"http:\/\/www.medievalwall.com\/hrvatski\/wp-content\/uploads\/2013\/02\/Oton-Ivekovi\u0107-Krunidba-kralja-Tomislava.jpg\" rel=\"gallery\"><img loading=\"lazy\" decoding=\"async\" class=\"fancybox\" title=\"Oton Ivekovi\u0107: Krunidba kralja Tomislava (izvor: www.wikipedia.org, 25.2.2013.)\" alt=\"Oton Ivekovi\u0107 Krunidba kralja Tomislava\" src=\"http:\/\/www.medievalwall.com\/hrvatski\/wp-content\/uploads\/2013\/02\/Oton-Ivekovi\u0107-Krunidba-kralja-Tomislava-300x204.jpg\" width=\"300\" height=\"204\"><\/a>Tomislav se nakon pobjede nad Bugarima okrunio kraljevskom krunom i proglasio kraljem Hrvatske i Dalmacije. Od tada je kraljevska vlast bila nasljedna u rodu kralja Tomislava.<a onclick=\"jQuery('#notes-dialog').dialog('open'); return false\" href=\"#\"><sup>9<\/sup><\/a> On je, dakle, prvi hrvatski vladar kojeg je papa \u010dastio titulom kralja, ali na to ne treba gledati kao na rezultat formalnog \u010dina krunidbe u kojem bi papa vladaru podario kraljevske oznake. Mogu\u0107e je da se radilo o nastavku podizanja ugleda hrvatskog vladara, koje je zapo\u010delo jo\u0161 od vremena Muncimira kada je \u010da\u0161\u0107en nazivom <i>princeps<\/i>.<a onclick=\"jQuery('#notes-dialog').dialog('open'); return false\" href=\"#\"><sup>10<\/sup><\/a> Nakon 925. godine kralj Tomislav nastavio je rat protiv Bugara kako bi pomogao saveznicima: protjeranim srpskim knezovima i Bizantu. Rat je trajao dvije do tri godine u koji se umije\u0161ao papa Ivan X. (914.-928.). Pod nepoznatim uvjetima sklopljen je mir izme\u0111u kralja Tomislava i cara Petra Simeonovi\u0107a. Tomislav, prvi hrvatski kralj, umro je malo vremena nakon mira s Bugarskom. Ne znamo kako i gdje je umro, a ne znamo ni gdje su pokopani njegovi ostaci.<\/p>\n<h4 style=\"clear: both; padding-top: 20px;\">Ostali \u010dlanci iz serije <i>&#8220;Trpimirovi\u0107i, dinastija hrvatskih vladara&#8221;<\/i><\/h4>\n<ul>\n<li><a title=\"Od dolaska Hrvata do Trpimirova uspona na prijestolje\" href=\"http:\/\/www.medievalwall.com\/hrvatski\/ostalo\/od-dolaska-hrvata-do-trpimirova-uspona\/\" target=\"_self\" rel=\"noopener noreferrer\">Od dolaska Hrvata do Trpimirova uspona na prijestolje<\/a><\/li>\n<li><a title=\"Doba kneza Trpimira\" href=\" http:\/\/www.medievalwall.com\/hrvatski\/ostalo\/doba-kneza-trpimira\/\">Doba kneza Trpimira<\/a><\/li>\n<li><a title=\"Domagoj i Zdeslav\" href=\"http:\/\/www.medievalwall.com\/hrvatski\/ostalo\/domagoj-i-zdeslav\/\" target=\"_self\" rel=\"noopener noreferrer\">Domagoj i Zdeslav<\/a><\/li>\n<li><a title=\"Branimir i Muncimir\" href=\"http:\/\/www.medievalwall.com\/hrvatski\/narodi\/branimir-muncimir\/\" target=\"_self\" rel=\"noopener noreferrer\">Branimir i Muncimir<\/a><\/li>\n<li><a title=\"Doba kraljeva \u2013 Tomislav\" href=\"#\">Doba kraljeva \u2013 Tomislav<\/a><\/li>\n<li><a title=\"Crkveni sabori i Tomislavovi nasljednici\" href=\"http:\/\/www.medievalwall.com\/hrvatski\/ostalo\/crkveni-sabori-i-tomislavovi-nasljednici\/\" target=\"_self\" rel=\"noopener noreferrer\">Crkveni sabori i Tomislavovi nasljednici<\/a><\/li>\n<li><a href=\"http:\/\/www.medievalwall.com\/hrvatski\/narodi\/stjepan-drzislav\/\" title=\"Stjepan Dr\u017eislav\" target=\"_self\" rel=\"noopener noreferrer\">Stjepan Dr\u017eislav<\/a><\/li>\n<li><a href=\"http:\/\/www.medievalwall.com\/hrvatski\/narodi\/nasljednici-stjepana-drzislava\/\" title=\"Nasljednici Stjepana Dr\u017eislava\" target=\"_self\" rel=\"noopener noreferrer\">Nasljednici Stjepana Dr\u017eislava<\/a><\/li>\n<li><a href=\"http:\/\/www.medievalwall.com\/hrvatski\/narodi\/petar-kresimir-iv\/\" title=\"Petar Kre\u0161imir IV.\" target=\"_self\" rel=\"noopener noreferrer\">Petar Kre\u0161imir IV.<\/a><\/li>\n<li><a href=\"http:\/\/www.medievalwall.com\/hrvatski\/narodi\/dmitar-zvonimir\/\" title=\"Dmitar Zvonimir\" target=\"_self\" rel=\"noopener noreferrer\">Dmitar Zvonimir<\/a><\/li>\n<li><a href=\"http:\/\/www.medievalwall.com\/hrvatski\/narodi\/dmitar-zvonimir-stjepan-ii\/\" title=\"Dmitar Zvonimir i Stjepan II.\" target=\"_self\" rel=\"noopener noreferrer\">Dmitar Zvonimir i Stjepan II.<\/a><\/li>\n<\/ul>\n<div id=\"interesting-dialog\" title=\"Zanimljivo\">\n<ul>\n<li>Iako historiografija uzima Tomislava kao prvog hrvatskog kralja zbog \u010dinjenice da ga je papa \u010dastio titulom kralja, o njegovoj krunidbi nemamo nikakvih dokaza. Stoga je Stjepan Dr\u017eislav prvi hrvatski vladar koji je bez sumnje bio okrunjen za kralja.<\/li>\n<li>Prema Ferdi \u0160i\u0161i\u0107u Hrvatska je u doba Tomislava mogla podi\u0107i 60 000 konjanika, 100 000 pje\u0161aka, te oko 200 brodova, me\u0111utim Ivo Goldstein smatra da za tu tezu ne postoje valjani argumenti, budu\u0107i da je u prvoj polovici X. st. imala najvi\u0161e 500 000 stanovnika, \u0161to zna\u010di da bi ne\u0161to manje od polovice stanovni\u0161tva bilo u vojnoj slu\u017ebi.<\/li>\n<\/ul>\n<\/div>\n<div id=\"literature-dialog\" title=\"Literatura\">\n<ul>\n<li>Neven BUDAK, <i>Prva stolje\u0107a Hrvatske<\/i>, Zagreb: Hrvatska sveu\u010dili\u0161na naklada, 1994.<\/li>\n<li>Ivo GOLDSTEIN, <i>Hrvatski rani srednji vijek<\/i>, Zagreb: Novi Liber \u2013 Zavod za hrvatsku povijest FF-a, 1995.<\/li>\n<li>Nada KLAI\u0106, <i>Povijest Hrvata u ranom srednjem vijeku<\/i>, Zagreb: \u0160kolska knjiga, 1971.<\/li>\n<li>Vjekoslav KLAI\u0106, <i>Povijest Hrvata<\/i>, knjiga 1. Zagreb: Matica Hrvatska, 1972.<\/li>\n<li>Tadija SMI\u010cIKLAS, <i>Poviest hrvatska<\/i>, knjiga prva, Zagreb: Matica hrvatska, 1882.<\/li>\n<li>Ferdo \u0160I\u0160I\u0106, <i>Povijest Hrvata u vrijeme narodnih vladara<\/i>, Zagreb: Nakladni zavod Matice hrvatske, 1925.<\/li>\n<\/ul>\n<\/div>\n<div id=\"notes-dialog\" title=\"Bilje\u0161ke\">\n<ul>\n<li><sup>1<\/sup> Neven BUDAK, <i>Prva stolje\u0107a Hrvatske<\/i>, Zagreb: Hrvatska sveu\u010dili\u0161na naklada, 1994., str. 29-30.<\/li>\n<li><sup>2<\/sup> Nada KLAI\u0106, <i>Povijest Hrvata u srednjem vijeku<\/i>, Zagreb: \u0160kolska knjiga, 1971., str. 72.<\/li>\n<li><sup>3<\/sup> Ferdo \u0160I\u0160I\u0106, <i>Povijest Hrvata u vrijeme narodnih vladara<\/i>, Zagreb: Nakladni zavod Matice hrvatske, 1925., str. 401.<\/li>\n<li><sup>4<\/sup> Ivo GOLDSTEIN, <i>Hrvatski rani srednji vijek<\/i>, Zagreb: Novi Liber \u2013 Zavod za hrvatsku povijest FF-a, 1995., str. 274-275.<\/li>\n<li><sup>5<\/sup> Ferdo \u0160I\u0160I\u0106, <i>Povijest Hrvata u vrijeme narodnih vladara\u2026<\/i>, str. 401-405.<\/li>\n<li><sup>6<\/sup> Tadija SMI\u010cIKLAS, <i>Poviest hrvatska<\/i>, knj. prva, Zagreb: Matica hrvatska, 1882., str. 217.<\/li>\n<li><sup>7<\/sup> Neven BUDAK, <i>Prva stolje\u0107a Hrvatske\u2026<\/i>, str. 31.<\/li>\n<li><sup>8<\/sup> Vjekoslav KLAI\u0106, <i>Povijest Hrvata<\/i>, knj. 1, Zagreb: Matica hrvatska, 1972., str. 100-101.<\/li>\n<li><sup>9<\/sup> Vjekoslav KLAI\u0106, <i>Povijest Hrvata<\/i>, knj. 1, Zagreb: Matica hrvatska, 1972., str. 101-106.<\/li>\n<li><sup>10<\/sup> Neven BUDAK, <i>Prva stolje\u0107a Hrvatske\u2026<\/i>, str. 31.<\/li>\n<\/ul>\n<\/div>","protected":false},"excerpt":{"rendered":"<p>Prazninu od dvadeset godina u kojoj se ne spominje niti jedan od hrvatskih vladara upotpunio je Tomislav, koji je naslijedio Muncimira. Iako su pojedini historiografi bili mi\u0161ljenja da u ovaj period valja uvrstiti kneza Vi\u0161eslava, za tu tezu nije bilo pravih argumenata. Vladavina Tomislava obilje\u017eena je sukobima s Ugrima i Bugarima u kojima je hrvatski knez odnio pobjedu. Nakon pobjede nad Bugarima dotada\u0161nji hrvatski knez dobio je titulu kralja (rex), a Hrvatska kne\u017eevina postala je kraljevstvom. <\/p>\n","protected":false},"author":2,"featured_media":1143,"comment_status":"open","ping_status":"open","sticky":false,"template":"","format":"standard","meta":{"footnotes":""},"categories":[6],"tags":[14],"class_list":["post-686","post","type-post","status-publish","format-standard","has-post-thumbnail","hentry","category-narodi","tag-hrvatski-kraljevi"],"aioseo_notices":[],"_links":{"self":[{"href":"https:\/\/medievalwall.com\/hrvatski\/wp-json\/wp\/v2\/posts\/686","targetHints":{"allow":["GET"]}}],"collection":[{"href":"https:\/\/medievalwall.com\/hrvatski\/wp-json\/wp\/v2\/posts"}],"about":[{"href":"https:\/\/medievalwall.com\/hrvatski\/wp-json\/wp\/v2\/types\/post"}],"author":[{"embeddable":true,"href":"https:\/\/medievalwall.com\/hrvatski\/wp-json\/wp\/v2\/users\/2"}],"replies":[{"embeddable":true,"href":"https:\/\/medievalwall.com\/hrvatski\/wp-json\/wp\/v2\/comments?post=686"}],"version-history":[{"count":1,"href":"https:\/\/medievalwall.com\/hrvatski\/wp-json\/wp\/v2\/posts\/686\/revisions"}],"predecessor-version":[{"id":1150,"href":"https:\/\/medievalwall.com\/hrvatski\/wp-json\/wp\/v2\/posts\/686\/revisions\/1150"}],"wp:featuredmedia":[{"embeddable":true,"href":"https:\/\/medievalwall.com\/hrvatski\/wp-json\/wp\/v2\/media\/1143"}],"wp:attachment":[{"href":"https:\/\/medievalwall.com\/hrvatski\/wp-json\/wp\/v2\/media?parent=686"}],"wp:term":[{"taxonomy":"category","embeddable":true,"href":"https:\/\/medievalwall.com\/hrvatski\/wp-json\/wp\/v2\/categories?post=686"},{"taxonomy":"post_tag","embeddable":true,"href":"https:\/\/medievalwall.com\/hrvatski\/wp-json\/wp\/v2\/tags?post=686"}],"curies":[{"name":"wp","href":"https:\/\/api.w.org\/{rel}","templated":true}]}}